{"id":302,"date":"2017-09-18T15:02:01","date_gmt":"2017-09-18T13:02:01","guid":{"rendered":"http:\/\/www.art-systems.eu\/?p=302"},"modified":"2017-11-08T10:04:33","modified_gmt":"2017-11-08T09:04:33","slug":"august-2017-bundesministerium-empfiehlt-technisches-monitoring","status":"publish","type":"post","link":"https:\/\/www.art-systems.eu\/index.php\/2017\/09\/18\/august-2017-bundesministerium-empfiehlt-technisches-monitoring\/","title":{"rendered":"Bundesministerium empfiehlt \u201eTechnisches Monitoring\u201c"},"content":{"rendered":"<p>August 2017<\/p>\n<h3>Bundesministerium empfiehlt \u201eTechnisches Monitoring\u201c<\/h3>\n<p>In vielen F\u00e4llen erf\u00fcllen Geb\u00e4ude in der ersten Nutzungszeit nicht die an sie gerichteten Anforderungen f\u00fcr einen wirtschaftlichen und funktionsgerechten Betrieb. Hauptgrund: In den meisten F\u00e4llen haben die beteiligten Firmen und Planer nach Abnahme und \u00dcbergabe der Geb\u00e4ude keine Zust\u00e4ndigkeiten f\u00fcr den Betrieb. Das Bundesministerium f\u00fcr Umwelt, Naturschutz, Bau und Reaktorsicherheit hat deshalb am 1. August 2017 f\u00fcr die Errichtung \u00f6ffentlicher Geb\u00e4ude die Empfehlung \u201eTechnisches Monitoring\u201c eingef\u00fchrt, \u201eum an den Schnittstellen zwischen der Planungs- und Bauphase und der ersten Nutzungsphase die angestrebte Qualit\u00e4t insbesondere der Geb\u00e4udetechnik zu sichern und die Voraussetzungen f\u00fcr einen energieeffizienten, funktions- und bedarfsgerechten Geb\u00e4udebetrieb zu schaffen.\u201c<\/p>\n<p>Den entsprechenden Erlass finden Sie unter<br \/>\n<a href=\"https:\/\/www.amev-online.de\/AMEVInhalt\/Funktionsnavigation\/Erlasse\/\" target=\"_blank\">https:\/\/www.amev-online.de\/AMEVInhalt\/Funktionsnavigation\/Erlasse\/<\/a><\/p>\n","protected":false},"excerpt":{"rendered":"<p>August 2017 Bundesministerium empfiehlt \u201eTechnisches Monitoring\u201c In vielen F\u00e4llen erf\u00fcllen Geb\u00e4ude in der ersten Nutzungszeit nicht die an sie gerichteten Anforderungen f\u00fcr einen wirtschaftlichen und funktionsgerechten Betrieb. Hauptgrund: In den meisten F\u00e4llen haben die beteiligten Firmen und Planer nach Abnahme und \u00dcbergabe der Geb\u00e4ude keine Zust\u00e4ndigkeiten f\u00fcr den Betrieb. Das Bundesministerium f\u00fcr Umwelt, Naturschutz, Bau&#8230; <\/p>\n","protected":false},"author":1,"featured_media":0,"comment_status":"closed","ping_status":"closed","sticky":false,"template":"","format":"standard","meta":[],"categories":[1],"tags":[],"_links":{"self":[{"href":"https:\/\/www.art-systems.eu\/index.php\/wp-json\/wp\/v2\/posts\/302"}],"collection":[{"href":"https:\/\/www.art-systems.eu\/index.php\/wp-json\/wp\/v2\/posts"}],"about":[{"href":"https:\/\/www.art-systems.eu\/index.php\/wp-json\/wp\/v2\/types\/post"}],"author":[{"embeddable":true,"href":"https:\/\/www.art-systems.eu\/index.php\/wp-json\/wp\/v2\/users\/1"}],"replies":[{"embeddable":true,"href":"https:\/\/www.art-systems.eu\/index.php\/wp-json\/wp\/v2\/comments?post=302"}],"version-history":[{"count":2,"href":"https:\/\/www.art-systems.eu\/index.php\/wp-json\/wp\/v2\/posts\/302\/revisions"}],"predecessor-version":[{"id":329,"href":"https:\/\/www.art-systems.eu\/index.php\/wp-json\/wp\/v2\/posts\/302\/revisions\/329"}],"wp:attachment":[{"href":"https:\/\/www.art-systems.eu\/index.php\/wp-json\/wp\/v2\/media?parent=302"}],"wp:term":[{"taxonomy":"category","embeddable":true,"href":"https:\/\/www.art-systems.eu\/index.php\/wp-json\/wp\/v2\/categories?post=302"},{"taxonomy":"post_tag","embeddable":true,"href":"https:\/\/www.art-systems.eu\/index.php\/wp-json\/wp\/v2\/tags?post=302"}],"curies":[{"name":"wp","href":"https:\/\/api.w.org\/{rel}","templated":true}]}}